{"id":1722,"date":"2023-07-02T13:19:52","date_gmt":"2023-07-02T13:19:52","guid":{"rendered":"https:\/\/aikgolf.se\/?p=1325"},"modified":"2023-12-11T16:12:54","modified_gmt":"2023-12-11T15:12:54","slug":"till-minne-av-michael-carpelan","status":"publish","type":"post","link":"https:\/\/aik.se\/golf\/till-minne-av-michael-carpelan\/","title":{"rendered":"Till minne av Michael Carpelan"},"content":{"rendered":"\n<p>Fast\u00e4n Micke \u00e4r tretton \u00e5r \u00e4ldre \u00e4n jag kan jag s\u00e4ga att jag nu mist en v\u00e4ldigt k\u00e4r v\u00e4n. Micke avled i onsdagsnatt efter en l\u00e4ngre tids sjukdom. Trots denna vidriga cancer h\u00f6ll Micke hum\u00f6ret uppe s\u00e5 mycket det bara gick. Vi pratades vid f\u00f6r tre veckor sedan och d\u00e5 sade han att det var ganska d\u00e5ligt. N\u00e5got s\u00e5dant brukade han aldrig s\u00e4ga utan det var full rulle fram\u00e5t hela tiden. Jag f\u00f6rstod d\u00e5 att det inte var l\u00e5ngt kvar.<\/p>\n\n\n\n<p>Micke har s\u00e5 m\u00e5nga g\u00e5nger f\u00f6rgyllt min och AIK Golfs vardag med sin generositet och sitt starka engagemang i AIK och d\u00e5 inte minst gl\u00f6den f\u00f6r AIK Golf dam- och herrelit. Skulle kunna sitta hela dagen och ber\u00e4tta om h\u00e4ndelser d\u00e4r denna passion tog sig h\u00e4rliga uttryck. En g\u00e5ng tog han med sig n\u00e5gra av sina \u00e5rskamrater i gubblaget till finalen av division 1 f\u00f6r att heja fram damerna till en efterl\u00e4ngtad plats i h\u00f6gsta serien \u2013 och visst vann tjejerna.<\/p>\n\n\n\n<p>Flera g\u00e5nger har han st\u00f6ttat v\u00e5ra lag i Derbygolfen mot Djurg\u00e5rden b\u00e5de mentalt och ekonomiskt. Han har med en fantastiks gl\u00f6d sett till att v\u00e5rt h\u00e4rliga \u201dgubblag\u201d tagit f\u00f6r sig i distriktsseriespelet.<\/p>\n\n\n\n<p>Han har ocks\u00e5 vid flera tillf\u00e4llen visat sin uppskattning f\u00f6r v\u00e5ra elitlag. Detta tog sig bland annat uttryck i flera fina julmiddagar i Djursholm d\u00e4r styrelsen och funktion\u00e4rer kunde gl\u00e4djas \u00e5t att f\u00e5 mingla med v\u00e5ra h\u00e4rliga elitspelare. Detta uppskattade Micke mycket.<\/p>\n\n\n\n<p>Micke som var mycket god v\u00e4n med min pappa, \u00e4ven han tretton \u00e5r yngre \u00e4n sin \u00e4ldre v\u00e4n, bidrog starkt till att AIK Golf en g\u00e5ng bildades. Pappa Gert som tillsammans med Mats Eriksson och Pelle Zell\u00e9n sk\u00f6tte verksamheten i den stora kamratkretsen av golfande AIK:are d\u00e4r Micke var en del dessa h\u00e4rliga golfande AIK-kamrater och han var en av dem som ville se en forts\u00e4ttning p\u00e5 denna roliga men ocks\u00e5 viktiga verksamhet. I klubbhuset p\u00e5 Stockholms Golfklubb vid Kevinge var Micke med n\u00e4r AIK Golf, som sedermera blev AIK Golfklubb, bildades 2003. De f\u00f6rsta \u00e5ren deltog han i styrelsens arbete f\u00f6r att sedan ist\u00e4llet vara en st\u00f6ttande kraft utanf\u00f6r styrelsen \u00e4nda till sin bortg\u00e5ng.<\/p>\n\n\n\n<p>Otaliga \u00e4r de luncher och kaffestunder Micke och jag haft bland annat p\u00e5 Djursholms Golfklubb f\u00f6r att i f\u00f6rsta hand prata AIK Golf men s\u00e5 klart ocks\u00e5 fotboll och ishockey d\u00e4r Micke hade starka \u00e5sikter. Jag kan utan \u00f6verdrift s\u00e4ga att jag kommer att sakna Micke mycket vilket jag inte \u00e4r ensam om. Micke skulle fyllt 84 \u00e5r i september. \u00a0<\/p>\n\n\n\n<p class=\"has-text-align-left\"><em>Karsten Landin<\/em><\/p>\n\n\n\n<p><\/p>\n","protected":false},"excerpt":{"rendered":"<p>Fast\u00e4n Micke \u00e4r tretton \u00e5r \u00e4ldre \u00e4n jag kan jag s\u00e4ga att jag nu mist en v\u00e4ldigt k\u00e4r v\u00e4n. Micke avled i onsdagsnatt efter en l\u00e4ngre tids sjukdom. Trots denna [&hellip;]<\/p>\n","protected":false},"author":81,"featured_media":1784,"comment_status":"open","ping_status":"open","sticky":false,"template":"","format":"standard","meta":{"_kad_blocks_custom_css":"","_kad_blocks_head_custom_js":"","_kad_blocks_body_custom_js":"","_kad_blocks_footer_custom_js":"","_EventAllDay":false,"_EventTimezone":"","_EventStartDate":"","_EventEndDate":"","_EventStartDateUTC":"","_EventEndDateUTC":"","_EventShowMap":false,"_EventShowMapLink":false,"_EventURL":"","_EventCost":"","_EventCostDescription":"","_EventCurrencySymbol":"","_EventCurrencyCode":"","_EventCurrencyPosition":"","_EventDateTimeSeparator":"","_EventTimeRangeSeparator":"","_EventOrganizerID":[],"_EventVenueID":[],"_OrganizerEmail":"","_OrganizerPhone":"","_OrganizerWebsite":"","_VenueAddress":"","_VenueCity":"","_VenueCountry":"","_VenueProvince":"","_VenueState":"","_VenueZip":"","_VenuePhone":"","_VenueURL":"","_VenueStateProvince":"","_VenueLat":"","_VenueLng":"","_VenueShowMap":false,"_VenueShowMapLink":false,"_vp_format_video_url":"","_vp_image_focal_point":[],"_vp_custom_popup_image":0,"_vp_format_audio_url":"","_vp_album_images":[],"_vp_custom_thumbnail":0,"_vp_custom_thumbnail_focal_point":[],"_vp_custom_thumbnail_cover":0,"_vp_hover_thumbnail":0,"_vp_hover_thumbnail_focal_point":[],"wds_primary_category":8,"footnotes":""},"categories":[8],"tags":[],"class_list":["post-1722","post","type-post","status-publish","format-standard","has-post-thumbnail","hentry","category-ovrigt"],"blocksy_meta":[],"taxonomy_info":{"category":[{"value":8,"label":"\u00d6vrigt"}]},"featured_image_src_large":["https:\/\/aik.se\/golf\/wp-content\/uploads\/sites\/13\/2023\/07\/Alder-spelar-ingen-roll-scaled-1-scaled-e1702307567682-1024x561.jpeg",1024,561,true],"author_info":{"display_name":"natalie","author_link":"https:\/\/aik.se\/golf\/author\/natalie\/"},"comment_info":0,"category_info":[{"term_id":8,"name":"\u00d6vrigt","slug":"ovrigt","term_group":0,"term_taxonomy_id":8,"taxonomy":"category","description":"","parent":0,"count":24,"filter":"raw","cat_ID":8,"category_count":24,"category_description":"","cat_name":"\u00d6vrigt","category_nicename":"ovrigt","category_parent":0}],"tag_info":false,"_links":{"self":[{"href":"https:\/\/aik.se\/golf\/wp-json\/wp\/v2\/posts\/1722","targetHints":{"allow":["GET"]}}],"collection":[{"href":"https:\/\/aik.se\/golf\/wp-json\/wp\/v2\/posts"}],"about":[{"href":"https:\/\/aik.se\/golf\/wp-json\/wp\/v2\/types\/post"}],"author":[{"embeddable":true,"href":"https:\/\/aik.se\/golf\/wp-json\/wp\/v2\/users\/81"}],"replies":[{"embeddable":true,"href":"https:\/\/aik.se\/golf\/wp-json\/wp\/v2\/comments?post=1722"}],"version-history":[{"count":1,"href":"https:\/\/aik.se\/golf\/wp-json\/wp\/v2\/posts\/1722\/revisions"}],"predecessor-version":[{"id":1868,"href":"https:\/\/aik.se\/golf\/wp-json\/wp\/v2\/posts\/1722\/revisions\/1868"}],"wp:featuredmedia":[{"embeddable":true,"href":"https:\/\/aik.se\/golf\/wp-json\/wp\/v2\/media\/1784"}],"wp:attachment":[{"href":"https:\/\/aik.se\/golf\/wp-json\/wp\/v2\/media?parent=1722"}],"wp:term":[{"taxonomy":"category","embeddable":true,"href":"https:\/\/aik.se\/golf\/wp-json\/wp\/v2\/categories?post=1722"},{"taxonomy":"post_tag","embeddable":true,"href":"https:\/\/aik.se\/golf\/wp-json\/wp\/v2\/tags?post=1722"}],"curies":[{"name":"wp","href":"https:\/\/api.w.org\/{rel}","templated":true}]}}