{"id":1213,"date":"2025-03-27T07:36:18","date_gmt":"2025-03-27T06:36:18","guid":{"rendered":"https:\/\/aik.se\/petanque\/?p=1213"},"modified":"2025-03-27T07:53:54","modified_gmt":"2025-03-27T06:53:54","slug":"olov-lindquist-utsags-till-hedersmedlem","status":"publish","type":"post","link":"https:\/\/aik.se\/petanque\/olov-lindquist-utsags-till-hedersmedlem\/","title":{"rendered":"Olov Lindquist uts\u00e5gs till hedersmedlem"},"content":{"rendered":"\n<p>Hedersmedlem \u00e4r en utm\u00e4rkelse f\u00f6r \u201dl\u00e5ng och trogen tj\u00e4nst\u201d vilket AIK:s styrelse anser att Olov uppfyller v\u00e4l. Bland annat genom sina m\u00e5nga \u00e5r som sekreterare i Allm\u00e4nna Idrottsklubbens styrelse och som AIK:s representant i StockholmsAlliansens styrelse.<\/p>\n\n\n\n<p>D\u00e4refter beskrivs Olovs l\u00e5nga karri\u00e4r inom AIK och varf\u00f6r han mer \u00e4n v\u00e4l f\u00f6rtj\u00e4nat en s\u00e5dan utm\u00e4rkelse. Hela nominerings brev kan du l\u00e4sa <a href=\"https:\/\/aik.se\/wp-content\/uploads\/2025\/03\/Nominering-Hedersmedlem-2025.pdf\">h\u00e4r<\/a>.<\/p>\n\n\n\n<p>&#8221;Olov Lindquist, f\u00f6dd 1958, har varit AIK:are sedan 12-\u00e5rs\u00e5ldern, medlem i AIK sedan 1980 och st\u00e4ndig medlem sedan 1995. Sitt f\u00f6rsta f\u00f6rtroendeuppdrag fick Olov i AIK Innebandys damsektion 2005. N\u00e5gra \u00e5r senare blev han styrelseledamot i Innebandyns styrelse och var i flera omg\u00e5ngar b\u00e5de sekreterare och vice ordf\u00f6rande. Under en s\u00e4song, 2013 &#8211; 2014 var han \u00e4ven f\u00f6reningens ordf\u00f6rande. Som tidigare ordf\u00f6rande \u00e4r han ocks\u00e5 ledamot av AIK Innebandys Hall of Famekommitt\u00e9. Ett uppdrag som f\u00f6r \u00f6vrigt han och de \u00f6vriga i kommitt\u00e9n har p\u00e5 livstid.<\/p>\n\n\n\n<p>Olovs tid inom innebandyn har som synes varit varierande och uppgifterna som han \u00e5tagit sig har \u00e4ven de varit av de mest skiftande slagen. Inom damkommitt\u00e9n fick han till uppgift att avg\u00f6ra en mycket uppslitande tr\u00e4narkonflikt, som var n\u00f6dv\u00e4ndig, men som fick flera spelare i det d\u00e5varande laget att sluta eller byta klubb. Att Olov gjorde r\u00e4tt visade sig dock i att laget efter tr\u00e4narkonflikten gick upp tv\u00e5 divisioner p\u00e5 tv\u00e5 \u00e5r, vilket till stor del byggde p\u00e5 Olovs beslut i tr\u00e4narfr\u00e5gan.<\/p>\n\n\n\n<p>Som vice ordf\u00f6rande och senare ordf\u00f6rande s\u00e5g Olov till att bygga upp en f\u00f6rb\u00e4ttrad organisation b\u00e5de p\u00e5 kansli- och f\u00f6rtroendemannaniv\u00e5. Olov tog under denna tid sj\u00e4lv ett stort ansvar f\u00f6r verksamheten, men hans princip var i m\u00e5nt och mycket att \u00e4ven delegera ansvaret till andra. Ett s\u00e5dant exempel \u00e4r arrangemanget av det \u00e5rliga sommarl\u00e4gret &#8221;Summercamp&#8221; som var en av de arbetsuppgifter som den d\u00e5varande kanslisten sj\u00e4lv fick bygga upp, allt under bevakning, st\u00f6d och hj\u00e4lp av Olov. Som sekreterare byggde Olov upp ett bevakningssystem av de beslut som innebandystyrelsen fattade. Ett s\u00e5dant fungerande system blev ocks\u00e5 Olovs signum inom huvudstyrelsen. Olov har alltid st\u00e5tt f\u00f6r ordning och reda och i huvudstyrelsen fanns ett uppf\u00f6ljningssystem som Olov f\u00f6rb\u00e4ttrade avsev\u00e4rt n\u00e4r han blev sekreterare i styrelsen. Ett uppdrag som han f\u00f6r \u00f6vrigt hade under hela sin f\u00f6rtroendemannatid i huvudstyrelsen, som varade i \u00e5tta \u00e5r.<\/p>\n\n\n\n<p>Olov tog ocks\u00e5 initiativ till att ett arbetsutskott bildades under den tid som AIK inte hade n\u00e5gon egen anst\u00e4lld personal. Detta utskott var avg\u00f6rande f\u00f6r att f\u00e5 till en bra beredning av \u00e4rendena inf\u00f6r de kommande styrelsesammantr\u00e4dena.<\/p>\n\n\n\n<p>Olov har varit medlem i AIK sedan 1980, allts\u00e5 i 45 \u00e5r. Under hans f\u00f6rtroendemannatid har han varit god representant f\u00f6r AIK.&#8221;<\/p>\n","protected":false},"excerpt":{"rendered":"<p>Hedersmedlem \u00e4r en utm\u00e4rkelse f\u00f6r \u201dl\u00e5ng och trogen tj\u00e4nst\u201d vilket AIK:s styrelse anser att Olov uppfyller v\u00e4l. Bland annat genom sina m\u00e5nga \u00e5r som sekreterare i Allm\u00e4nna Idrottsklubbens styrelse och [&hellip;]<\/p>\n","protected":false},"author":73,"featured_media":1214,"comment_status":"open","ping_status":"open","sticky":false,"template":"","format":"standard","meta":{"_kad_blocks_custom_css":"","_kad_blocks_head_custom_js":"","_kad_blocks_body_custom_js":"","_kad_blocks_footer_custom_js":"","_EventAllDay":false,"_EventTimezone":"","_EventStartDate":"","_EventEndDate":"","_EventStartDateUTC":"","_EventEndDateUTC":"","_EventShowMap":false,"_EventShowMapLink":false,"_EventURL":"","_EventCost":"","_EventCostDescription":"","_EventCurrencySymbol":"","_EventCurrencyCode":"","_EventCurrencyPosition":"","_EventDateTimeSeparator":"","_EventTimeRangeSeparator":"","_EventOrganizerID":[],"_EventVenueID":[],"_OrganizerEmail":"","_OrganizerPhone":"","_OrganizerWebsite":"","_VenueAddress":"","_VenueCity":"","_VenueCountry":"","_VenueProvince":"","_VenueState":"","_VenueZip":"","_VenuePhone":"","_VenueURL":"","_VenueStateProvince":"","_VenueLat":"","_VenueLng":"","_VenueShowMap":false,"_VenueShowMapLink":false,"_vp_format_video_url":"","_vp_image_focal_point":[],"_vp_custom_popup_image":0,"_vp_format_audio_url":"","_vp_album_images":[],"_vp_custom_thumbnail":0,"_vp_custom_thumbnail_focal_point":[],"_vp_custom_thumbnail_cover":0,"_vp_hover_thumbnail":0,"_vp_hover_thumbnail_focal_point":[],"wds_primary_category":1,"footnotes":""},"categories":[1],"tags":[],"class_list":["post-1213","post","type-post","status-publish","format-standard","has-post-thumbnail","hentry","category-okategoriserade"],"blocksy_meta":[],"taxonomy_info":{"category":[{"value":1,"label":"Okategoriserade"}]},"featured_image_src_large":["https:\/\/aik.se\/petanque\/wp-content\/uploads\/sites\/7\/2025\/03\/Olov-AIK-768x1024.jpeg",768,1024,true],"author_info":{"display_name":"remivesvre","author_link":"https:\/\/aik.se\/petanque\/author\/remivesvre\/"},"comment_info":0,"category_info":[{"term_id":1,"name":"Okategoriserade","slug":"okategoriserade","term_group":0,"term_taxonomy_id":1,"taxonomy":"category","description":"","parent":0,"count":20,"filter":"raw","cat_ID":1,"category_count":20,"category_description":"","cat_name":"Okategoriserade","category_nicename":"okategoriserade","category_parent":0}],"tag_info":false,"_links":{"self":[{"href":"https:\/\/aik.se\/petanque\/wp-json\/wp\/v2\/posts\/1213","targetHints":{"allow":["GET"]}}],"collection":[{"href":"https:\/\/aik.se\/petanque\/wp-json\/wp\/v2\/posts"}],"about":[{"href":"https:\/\/aik.se\/petanque\/wp-json\/wp\/v2\/types\/post"}],"author":[{"embeddable":true,"href":"https:\/\/aik.se\/petanque\/wp-json\/wp\/v2\/users\/73"}],"replies":[{"embeddable":true,"href":"https:\/\/aik.se\/petanque\/wp-json\/wp\/v2\/comments?post=1213"}],"version-history":[{"count":4,"href":"https:\/\/aik.se\/petanque\/wp-json\/wp\/v2\/posts\/1213\/revisions"}],"predecessor-version":[{"id":1219,"href":"https:\/\/aik.se\/petanque\/wp-json\/wp\/v2\/posts\/1213\/revisions\/1219"}],"wp:featuredmedia":[{"embeddable":true,"href":"https:\/\/aik.se\/petanque\/wp-json\/wp\/v2\/media\/1214"}],"wp:attachment":[{"href":"https:\/\/aik.se\/petanque\/wp-json\/wp\/v2\/media?parent=1213"}],"wp:term":[{"taxonomy":"category","embeddable":true,"href":"https:\/\/aik.se\/petanque\/wp-json\/wp\/v2\/categories?post=1213"},{"taxonomy":"post_tag","embeddable":true,"href":"https:\/\/aik.se\/petanque\/wp-json\/wp\/v2\/tags?post=1213"}],"curies":[{"name":"wp","href":"https:\/\/api.w.org\/{rel}","templated":true}]}}